{"id":857,"date":"2024-07-05T09:25:10","date_gmt":"2024-07-05T07:25:10","guid":{"rendered":"https:\/\/imaker.pinardi.com\/?p=857"},"modified":"2024-07-05T09:25:10","modified_gmt":"2024-07-05T07:25:10","slug":"espacios-de-aprendizaje-en-1o-grado-medio-estetica","status":"publish","type":"post","link":"https:\/\/imaker.pinardi.com\/?p=857","title":{"rendered":"Espacios de Aprendizaje en 1\u00ba Grado Medio Est\u00e9tica"},"content":{"rendered":"<p>Ignacio Aragon<\/p><p><a href=\"https:\/\/imaker.pinardi.com\/wp-content\/uploads\/2024\/07\/Captura-de-pantalla-2024-07-05-090510-4.png\"><img loading=\"lazy\" decoding=\"async\" src=\"https:\/\/imaker.pinardi.com\/wp-content\/uploads\/2024\/07\/Captura-de-pantalla-2024-07-05-090510-4-150x150.png\" width=\"150\" height=\"150\" alt=\"Captura-de-pantalla-2024-07-05-090510-4.png\" style=\"display:inline-block\"><\/a> <a href=\"https:\/\/imaker.pinardi.com\/wp-content\/uploads\/2024\/07\/Captura-de-pantalla-2024-07-05-090456-3.png\"><img loading=\"lazy\" decoding=\"async\" src=\"https:\/\/imaker.pinardi.com\/wp-content\/uploads\/2024\/07\/Captura-de-pantalla-2024-07-05-090456-3-150x150.png\" width=\"150\" height=\"150\" alt=\"Captura-de-pantalla-2024-07-05-090456-3.png\" style=\"display:inline-block\"><\/a> <a href=\"https:\/\/imaker.pinardi.com\/wp-content\/uploads\/2024\/07\/Captura-de-pantalla-2024-07-05-090443-2.png\"><img loading=\"lazy\" decoding=\"async\" src=\"https:\/\/imaker.pinardi.com\/wp-content\/uploads\/2024\/07\/Captura-de-pantalla-2024-07-05-090443-2-150x150.png\" width=\"150\" height=\"150\" alt=\"Captura-de-pantalla-2024-07-05-090443-2.png\" style=\"display:inline-block\"><\/a> <a href=\"https:\/\/imaker.pinardi.com\/wp-content\/uploads\/2024\/07\/Captura-de-pantalla-2024-07-05-090432-1.png\"><img loading=\"lazy\" decoding=\"async\" src=\"https:\/\/imaker.pinardi.com\/wp-content\/uploads\/2024\/07\/Captura-de-pantalla-2024-07-05-090432-1-150x150.png\" width=\"150\" height=\"150\" alt=\"Captura-de-pantalla-2024-07-05-090432-1.png\" style=\"display:inline-block\"><\/a> <a href=\"https:\/\/imaker.pinardi.com\/wp-content\/uploads\/2024\/07\/Todos-proyecto-0.png\"><img loading=\"lazy\" decoding=\"async\" src=\"https:\/\/imaker.pinardi.com\/wp-content\/uploads\/2024\/07\/Todos-proyecto-0-150x150.png\" width=\"150\" height=\"150\" alt=\"Todos-proyecto-0.png\" style=\"display:inline-block\"><\/a> <\/p><p><span style=\"font-weight: 400\">En el din\u00e1mico mundo de la est\u00e9tica, la <strong>organizaci\u00f3n del espacio de trabajo es fundamental<\/strong> para asegurar tanto la eficiencia como la calidad del servicio ofrecido. Las alumnas se encuentran con el reto de mantener su entorno ordenado y funcional. Este proyecto nace con el prop\u00f3sito de abordar estos desaf\u00edos, dotando a las alumnas de las herramientas y habilidades necesarias para <strong>dise\u00f1ar y crear sus propios organizadores<\/strong> para el material que usan. A trav\u00e9s de esta iniciativa, no solo se busca mejorar su espacio de aprendizaje, sino tambi\u00e9n fomentar su creatividad e innovaci\u00f3n.<\/span><\/p>\n<p><b>Importancia del Proyecto<\/b><\/p>\n<p><span style=\"font-weight: 400\">El entorno de aprendizaje juega un papel crucial en la formaci\u00f3n de las estudiantes de est\u00e9tica. <strong>Un espacio desorganizado puede llevar a la p\u00e9rdida de tiempo, aumentar el estr\u00e9s y reducir la efectividad del aprendizaje pr\u00e1ctico.<\/strong> Al proporcionar a las alumnas la oportunidad de dise\u00f1ar y fabricar sus propios organizadores, el proyecto apunta a:<\/span><\/p>\n<ol>\n<li style=\"font-weight: 400\"><b>Desarrollar habilidades pr\u00e1cticas y creativas<\/b><span style=\"font-weight: 400\">: las alumnas han tenido la oportunidad de trabajar con programas de dise\u00f1o 2D y 3D, as\u00ed como con tecnolog\u00edas de fabricaci\u00f3n digital como cortadoras l\u00e1ser e impresoras 3D. Estas habilidades abren puertas a otros campos creativos y tecnol\u00f3gicos.<\/span><\/li>\n<li style=\"font-weight: 400\"><b>Fomentar la autonom\u00eda y el trabajo en equipo<\/b><span style=\"font-weight: 400\">: a lo largo del proyecto, las alumnas han colaborado, compartido ideas y resuelto problemas de manera conjunta. Esto fortalece sus habilidades de trabajo en equipo y les ense\u00f1a a ser m\u00e1s aut\u00f3nomas y responsables en la gesti\u00f3n de sus herramientas y materiales.<\/span><\/li>\n<li style=\"font-weight: 400\"><b>Promover la innovaci\u00f3n y la personalizaci\u00f3n<\/b><span style=\"font-weight: 400\">: al dise\u00f1ar sus propios organizadores, las alumnas pueden personalizar sus espacios de trabajo seg\u00fan sus necesidades y preferencias espec\u00edficas. Esta capacidad de innovar y adaptar soluciones personalizadas es esencial en el \u00e1mbito de la est\u00e9tica, donde cada profesional puede tener diferentes m\u00e9todos y estilos de trabajo.<\/span><\/li>\n<li style=\"font-weight: 400\"><b>Mejorar la eficiencia y la calidad del trabajo<\/b><span style=\"font-weight: 400\">: un espacio de trabajo bien organizado facilita el acceso r\u00e1pido a herramientas y materiales, lo que aumenta la eficiencia y reduce los tiempos muertos. Esto, a su vez, mejora la calidad del trabajo realizado y contribuye a una experiencia de aprendizaje m\u00e1s fluida y productiva.<\/span><\/li>\n<li style=\"font-weight: 400\"><b>Aumentar la motivaci\u00f3n y el compromiso<\/b><span style=\"font-weight: 400\">: ver los resultados tangibles de su esfuerzo y creatividad puede ser motivador para las alumnas. La satisfacci\u00f3n de haber creado algo funcional y est\u00e9ticamente agradable puede aumentar su compromiso con el aprendizaje y su entusiasmo por continuar mejorando sus habilidades.<\/span><\/li>\n<\/ol>\n<p><b>Proceso<\/b><\/p>\n<p><span style=\"font-weight: 400\">Para comenzar se le dio a las alumnas<strong> total libertad<\/strong> para crear sus grupos y sus proyectos. El dise\u00f1o y los materiales que iban a utilizar en \u00e9l, ser\u00edan pensados y descritos por ellas. De esta forma, ellas son due\u00f1as del proyecto y as\u00ed se les hizo saber: <strong>el resultado de sus proyectos ser\u00eda su responsabilida<\/strong>d.<\/span><\/p>\n<p><span style=\"font-weight: 400\">Creamos un documento en el que mostramos los elementos que hac\u00edan a las alumnas trabajar concentradas. Con esto nos dimos cuenta que<strong> el orden era crucial<\/strong> para ello. Las alumnas hicieron grupos de entre 4 y 6 personas y comenzaron a idear el concepto. Bocetaron, dibujaron y dise\u00f1aron diferentes ideas.\u00a0<\/span><\/p>\n<p><span style=\"font-weight: 400\">A la hora de recoger los materiales y recursos que iban a necesitar, hicimos un cribado de las ideas que no se pod\u00edan utilizar. Despu\u00e9s, cada grupo cre\u00f3 el concepto de diferentes formas. Algunas quisieron visualizar su futuro proyecto en 3D y crearon un modelo con <strong>Tinkercad<\/strong> para poder crearlo de forma correcta. Otras utilizaron p\u00e1ginas web como <strong>MakerCase<\/strong> para crear los planos. Tambi\u00e9n se us\u00f3 <strong>Inkscape<\/strong> para modificar o crear ciertas partes de los dise\u00f1os 2D, as\u00ed como Beam Studio.\u00a0\u00a0<\/span><\/p>\n<p><span style=\"font-weight: 400\">Tras el dise\u00f1o, lleg\u00f3 la hora de cortar las piezas para su posterior ensamblaje. Todos los proyectos se realizaron en metacrilato y un grupo cre\u00f3 un peque\u00f1o tirador para su proyecto en 3D. El resultado fue que <strong>cada grupo cre\u00f3 un organizador diferente<\/strong>: un organizador de esmaltes, un organizador de paletas de maquillaje, unas perchas para pesta\u00f1as postizas y un organizador m\u00e1s vers\u00e1til con varios huecos y una tapa. Las alumnas quedaron realmente satisfechas con su trabajo y las profesoras realmente impresionados con la creatividad de estas.<\/span><\/p>\n<p><b>Conclusi\u00f3n<\/b><\/p>\n<p><span style=\"font-weight: 400\">Este proyecto de mejora de espacios de aprendizaje no solo aborda un problema pr\u00e1ctico inmediato, sino que tambi\u00e9n prepara a las alumnas para <strong>enfrentar desaf\u00edos futuros con una mentalidad creativa y proactiva<\/strong>. Al equiparlas con habilidades en dise\u00f1o y fabricaci\u00f3n digital, se les ofrece una base s\u00f3lida para su desarrollo profesional en el campo de la est\u00e9tica y m\u00e1s all\u00e1. El impacto de este proyecto va m\u00e1s all\u00e1 de la organizaci\u00f3n f\u00edsica del espacio; se trata de <strong>empoderar a las alumnas<\/strong> para que se conviertan en <strong>profesionales m\u00e1s competentes, creativas y resilientes.<\/strong><\/span><\/p>\n","protected":false},"excerpt":{"rendered":"<p>Ignacio Aragon En el din\u00e1mico mundo de la est\u00e9tica, la organizaci\u00f3n del espacio de trabajo es fundamental para asegurar tanto la eficiencia como la calidad del servicio ofrecido. Las alumnas se encuentran con el reto de mantener su entorno ordenado y funcional. Este proyecto nace con el prop\u00f3sito de abordar estos desaf\u00edos, dotando a las [&hellip;]<\/p>\n","protected":false},"author":6,"featured_media":859,"comment_status":"open","ping_status":"open","sticky":false,"template":"","format":"standard","meta":{"_et_pb_use_builder":"","_et_pb_old_content":"","_et_gb_content_width":"","footnotes":""},"categories":[25,21,9,23,6,11,8,14],"tags":[],"class_list":["post-857","post","type-post","status-publish","format-standard","has-post-thumbnail","hentry","category-competenciadigital","category-cortadoralaser","category-diseno","category-estetica","category-grado-medio","category-ideas","category-impresora-3d","category-proyectos-pinardi"],"_links":{"self":[{"href":"https:\/\/imaker.pinardi.com\/index.php?rest_route=\/wp\/v2\/posts\/857","targetHints":{"allow":["GET"]}}],"collection":[{"href":"https:\/\/imaker.pinardi.com\/index.php?rest_route=\/wp\/v2\/posts"}],"about":[{"href":"https:\/\/imaker.pinardi.com\/index.php?rest_route=\/wp\/v2\/types\/post"}],"author":[{"embeddable":true,"href":"https:\/\/imaker.pinardi.com\/index.php?rest_route=\/wp\/v2\/users\/6"}],"replies":[{"embeddable":true,"href":"https:\/\/imaker.pinardi.com\/index.php?rest_route=%2Fwp%2Fv2%2Fcomments&post=857"}],"version-history":[{"count":1,"href":"https:\/\/imaker.pinardi.com\/index.php?rest_route=\/wp\/v2\/posts\/857\/revisions"}],"predecessor-version":[{"id":858,"href":"https:\/\/imaker.pinardi.com\/index.php?rest_route=\/wp\/v2\/posts\/857\/revisions\/858"}],"wp:featuredmedia":[{"embeddable":true,"href":"https:\/\/imaker.pinardi.com\/index.php?rest_route=\/wp\/v2\/media\/859"}],"wp:attachment":[{"href":"https:\/\/imaker.pinardi.com\/index.php?rest_route=%2Fwp%2Fv2%2Fmedia&parent=857"}],"wp:term":[{"taxonomy":"category","embeddable":true,"href":"https:\/\/imaker.pinardi.com\/index.php?rest_route=%2Fwp%2Fv2%2Fcategories&post=857"},{"taxonomy":"post_tag","embeddable":true,"href":"https:\/\/imaker.pinardi.com\/index.php?rest_route=%2Fwp%2Fv2%2Ftags&post=857"}],"curies":[{"name":"wp","href":"https:\/\/api.w.org\/{rel}","templated":true}]}}