{"id":744,"date":"2024-04-08T14:06:55","date_gmt":"2024-04-08T12:06:55","guid":{"rendered":"https:\/\/imaker.pinardi.com\/?p=744"},"modified":"2024-04-08T15:50:36","modified_gmt":"2024-04-08T13:50:36","slug":"competencia-digital-lo-que-nadie-te-cuenta","status":"publish","type":"post","link":"https:\/\/imaker.pinardi.com\/?p=744","title":{"rendered":"Competencia Digital, Lo que Nadie te cuenta."},"content":{"rendered":"<p>Carlos Gil<\/p><p><a href=\"https:\/\/imaker.pinardi.com\/wp-content\/uploads\/2024\/04\/Captura-de-pantalla-2024-04-08-135945-1.png\"><img loading=\"lazy\" decoding=\"async\" src=\"https:\/\/imaker.pinardi.com\/wp-content\/uploads\/2024\/04\/Captura-de-pantalla-2024-04-08-135945-1-150x150.png\" width=\"150\" height=\"150\" alt=\"Captura de pantalla 2024-04-08 135945\" style=\"display:inline-block\"><\/a> <a href=\"https:\/\/imaker.pinardi.com\/wp-content\/uploads\/2024\/04\/Captura-de-pantalla-2024-04-08-135857-1.png\"><img loading=\"lazy\" decoding=\"async\" src=\"https:\/\/imaker.pinardi.com\/wp-content\/uploads\/2024\/04\/Captura-de-pantalla-2024-04-08-135857-1-150x150.png\" width=\"150\" height=\"150\" alt=\"Captura de pantalla 2024-04-08 135857\" style=\"display:inline-block\"><\/a> <a href=\"https:\/\/imaker.pinardi.com\/wp-content\/uploads\/2024\/04\/Captura-de-pantalla-2024-04-08-135820-1.png\"><img loading=\"lazy\" decoding=\"async\" src=\"https:\/\/imaker.pinardi.com\/wp-content\/uploads\/2024\/04\/Captura-de-pantalla-2024-04-08-135820-1-150x150.png\" width=\"150\" height=\"150\" alt=\"Captura de pantalla 2024-04-08 135820\" style=\"display:inline-block\"><\/a> <a href=\"https:\/\/imaker.pinardi.com\/wp-content\/uploads\/2024\/04\/Captura-de-pantalla-2024-04-08-135857-lvVFW3ZahenX.png\"><img loading=\"lazy\" decoding=\"async\" src=\"https:\/\/imaker.pinardi.com\/wp-content\/uploads\/2024\/04\/Captura-de-pantalla-2024-04-08-135857-lvVFW3ZahenX-150x150.png\" width=\"150\" height=\"150\" alt=\"Captura-de-pantalla-2024-04-08-135857.png\" style=\"display:inline-block\"><\/a> <\/p><p><span style=\"font-weight: 400;\">La Competencia Digital es la comidilla de los \u00faltimos a\u00f1os en el \u00e1mbito educativo, sobre todo la Competencia Digital Docente, esa que os habr\u00e1 llevado a m\u00e1s de uno de cabeza \u00faltimamente, pero siento decirte que aqu\u00ed no encontrar\u00e1s nada sobre la competencia digital docente, m\u00e1s all\u00e1 de la raz\u00f3n de su creaci\u00f3n, que no es otra que la <\/span><b>Competencia Digital para la Ciudadan\u00eda.\u00a0<\/b><\/p>\n<p><span style=\"font-weight: 400;\">&#8211; A ver, que yo todav\u00eda estoy liado con la docente \u00bfy ahora me quieres hablar de otra competencia digital? &#8211; Pues no te preocupes que lo \u00fanico que pretendo es aportar un poco de luz al porqu\u00e9 es importante la competencia digital para tu labor docente y que conozcas de verdad los conocimientos, habilidades y actitudes que absolutamente todos y cada uno de tus alumnos y alumnas deben desarrollar en el paso por nuestras casas de formaci\u00f3n.<\/span><\/p>\n<p><span style=\"font-weight: 400;\">La Competencia Digital Ciudadana es un marco que se cre\u00f3 en el 2013 y que fue definido por Anusca Ferrari. Has le\u00eddo bien, 2013, as\u00ed que ya llevamos m\u00e1s de 10 a\u00f1os con este jaleo. En l\u00ednea con este marco se han ido definiendo otros marcos de competencia digital como <\/span><b>el Docente, el de los Consumidores o el de Organizaciones<\/b><span style=\"font-weight: 400;\">.<\/span><\/p>\n<p><img loading=\"lazy\" decoding=\"async\" class=\" wp-image-750 aligncenter\" src=\"http:\/\/imaker.pinardi.com\/wp-content\/uploads\/2024\/04\/Captura-de-pantalla-2024-04-08-135945-1-300x194.png\" alt=\"\" width=\"521\" height=\"337\" \/><\/p>\n<p><span style=\"font-weight: 400;\">Pero lo realmente importante es conocer cu\u00e1les son las \u00e1reas que seg\u00fan el marco de competencia digital ciudadana, cualquier persona que resida en la uni\u00f3n europea debe conocer y dominar para conseguir ser ciudadanos activos y capacitados ante los retos de la sociedad actual.<\/span><\/p>\n<p><span style=\"font-weight: 400;\">Este marco define 5 \u00e1reas que te resumo de forma muy sencilla a continuaci\u00f3n:<\/span><\/p>\n<ul>\n<li><b>B\u00fasqueda y Gesti\u00f3n de Informaci\u00f3n y datos:<\/b><\/li>\n<\/ul>\n<p><span style=\"font-weight: 400;\">&#8211; Acceder y navegar por los contenidos de la red. Juzgar la relevancia de una fuente digital y el contenido. Almacenar, gestionar y organizar datos digitales, informaci\u00f3n o contenidos.<\/span><\/p>\n<ul>\n<li><b>Comunicaci\u00f3n y colaboraci\u00f3n:<\/b><\/li>\n<\/ul>\n<p><span style=\"font-weight: 400;\">&#8211; Participar en la sociedad a trav\u00e9s de los servicios y herramientas digitales, tanto p\u00fablicos como privados.<\/span><\/p>\n<ul>\n<li><b>Creaci\u00f3n de contenidos digitales:<\/b><\/li>\n<\/ul>\n<p><span style=\"font-weight: 400;\">&#8211; Crear y editar contenidos digitales de manera eficaz, comprendiendo c\u00f3mo deben aplicarse los derechos de autor y las licencias correspondientes.<\/span><\/p>\n<ul>\n<li><b>Seguridad:<\/b><\/li>\n<\/ul>\n<p><span style=\"font-weight: 400;\">&#8211; Proteger los dispositivos, los contenidos y los datos personales en entornos digitales. Proteger la salud f\u00edsica y salud psicol\u00f3gica de los usuarios digitales.<\/span><\/p>\n<ul>\n<li><b>Resoluci\u00f3n de problemas:<\/b><\/li>\n<\/ul>\n<p><span style=\"font-weight: 400;\">&#8211; Identificar necesidades, retos y oportunidades de los entornos digitales. Utilizar herramientas digitales para innovar procesos y mejorar los productos y servicios.<\/span><\/p>\n<p><img loading=\"lazy\" decoding=\"async\" class=\" wp-image-748 aligncenter\" src=\"http:\/\/imaker.pinardi.com\/wp-content\/uploads\/2024\/04\/Captura-de-pantalla-2024-04-08-135820-1-300x137.png\" alt=\"\" width=\"539\" height=\"246\" \/><\/p>\n<p><span style=\"font-weight: 400;\">Todo esto coincide con el <\/span><b>\u00e1rea 6 de la Competencia Digital Docente<\/b><span style=\"font-weight: 400;\">, lo que debemos ser capaces de ense\u00f1ar a nuestros alumnos y alumnas en cada una de las asignaturas que llevamos a cabo, sin excepci\u00f3n. Es comprensible que dependiendo de la materia que impartimos sea m\u00e1s o menos f\u00e1cil poder desarrollar actividades que est\u00e9n orientadas a estos fines, pero no debemos olvidar que todos estos contenidos y competencias son de vital importancia para que los j\u00f3venes con quienes trabajamos se conviertan en ciudadanos realmente participativos de la sociedad digital.\u00a0<\/span><\/p>\n<p><span style=\"font-weight: 400;\">Si has llegado hasta aqu\u00ed ya deber\u00edas haberte dado cuenta de que el t\u00edtulo de este post es un poco \u00abClickbait\u00bb, pero si no te has dado cuenta es una de las razones de que debas seguir trabajando tu competencia digital. \u00a0Si quieres aprender un poco m\u00e1s sobre estas competencias que debes inculcar en tus alumnos y alumnas, te animo a revisar el marco definido en espa\u00f1ol que te dejo a continuaci\u00f3n.<\/span><\/p>\n<p><span style=\"color: #0000ff;\"><a style=\"color: #0000ff;\" href=\"https:\/\/somos-digital.org\/wp-content\/uploads\/2022\/04\/digcomp2.2_castellano.pdf\"><span style=\"font-weight: 400;\">Marco de Competencia Digital 2.2 2022 en Espa\u00f1ol.<\/span><\/a><\/span><\/p>\n<p><b>Publicaciones de los marcos de competencia digital ciudadana por la comisi\u00f3n europea:<\/b><\/p>\n<p><span style=\"font-weight: 400;\">Marco de Competencia Digital 2013:<\/span><\/p>\n<p><a href=\"https:\/\/publications.jrc.ec.europa.eu\/repository\/handle\/JRC83167\"><span style=\"font-weight: 400;\">https:\/\/publications.jrc.ec.europa.eu\/repository\/handle\/JRC8316<\/span><\/a><span style=\"font-weight: 400;\">7<\/span><\/p>\n<p><span style=\"font-weight: 400;\">Marco de Competencia Digital 2.0 2016:\u00a0<\/span><\/p>\n<p><a href=\"https:\/\/publications.jrc.ec.europa.eu\/repository\/handle\/JRC101254\"><span style=\"font-weight: 400;\">https:\/\/publications.jrc.ec.europa.eu\/repository\/handle\/JRC101254<\/span><\/a><\/p>\n<p><span style=\"font-weight: 400;\">Marco de Competencia Digital 2.1 2017:\u00a0<\/span><\/p>\n<p><a href=\"https:\/\/publications.jrc.ec.europa.eu\/repository\/handle\/JRC106281\"><span style=\"font-weight: 400;\">https:\/\/publications.jrc.ec.europa.eu\/repository\/handle\/JRC106281<\/span><\/a><\/p>\n<p><span style=\"font-weight: 400;\">Marco de Competencia Digital 2.2 2022:\u00a0<\/span><\/p>\n<p><span style=\"color: #0000ff;\"><a style=\"color: #0000ff;\" href=\"https:\/\/publications.jrc.ec.europa.eu\/repository\/handle\/JRC128415\"><span style=\"font-weight: 400;\">https:\/\/publications.jrc.ec.europa.eu\/repository\/handle\/JRC128415<\/span><\/a><\/span><\/p>\n","protected":false},"excerpt":{"rendered":"<p>Carlos Gil La Competencia Digital es la comidilla de los \u00faltimos a\u00f1os en el \u00e1mbito educativo, sobre todo la Competencia Digital Docente, esa que os habr\u00e1 llevado a m\u00e1s de uno de cabeza \u00faltimamente, pero siento decirte que aqu\u00ed no encontrar\u00e1s nada sobre la competencia digital docente, m\u00e1s all\u00e1 de la raz\u00f3n de su creaci\u00f3n, [&hellip;]<\/p>\n","protected":false},"author":3,"featured_media":746,"comment_status":"open","ping_status":"open","sticky":false,"template":"","format":"standard","meta":{"_et_pb_use_builder":"","_et_pb_old_content":"","_et_gb_content_width":"","footnotes":""},"categories":[5,19,25,10,6,18],"tags":[],"class_list":["post-744","post","type-post","status-publish","format-standard","has-post-thumbnail","hentry","category-ace","category-cfgb","category-competenciadigital","category-formaciones-externas","category-grado-medio","category-gradosuperior"],"_links":{"self":[{"href":"https:\/\/imaker.pinardi.com\/index.php?rest_route=\/wp\/v2\/posts\/744","targetHints":{"allow":["GET"]}}],"collection":[{"href":"https:\/\/imaker.pinardi.com\/index.php?rest_route=\/wp\/v2\/posts"}],"about":[{"href":"https:\/\/imaker.pinardi.com\/index.php?rest_route=\/wp\/v2\/types\/post"}],"author":[{"embeddable":true,"href":"https:\/\/imaker.pinardi.com\/index.php?rest_route=\/wp\/v2\/users\/3"}],"replies":[{"embeddable":true,"href":"https:\/\/imaker.pinardi.com\/index.php?rest_route=%2Fwp%2Fv2%2Fcomments&post=744"}],"version-history":[{"count":2,"href":"https:\/\/imaker.pinardi.com\/index.php?rest_route=\/wp\/v2\/posts\/744\/revisions"}],"predecessor-version":[{"id":751,"href":"https:\/\/imaker.pinardi.com\/index.php?rest_route=\/wp\/v2\/posts\/744\/revisions\/751"}],"wp:featuredmedia":[{"embeddable":true,"href":"https:\/\/imaker.pinardi.com\/index.php?rest_route=\/wp\/v2\/media\/746"}],"wp:attachment":[{"href":"https:\/\/imaker.pinardi.com\/index.php?rest_route=%2Fwp%2Fv2%2Fmedia&parent=744"}],"wp:term":[{"taxonomy":"category","embeddable":true,"href":"https:\/\/imaker.pinardi.com\/index.php?rest_route=%2Fwp%2Fv2%2Fcategories&post=744"},{"taxonomy":"post_tag","embeddable":true,"href":"https:\/\/imaker.pinardi.com\/index.php?rest_route=%2Fwp%2Fv2%2Ftags&post=744"}],"curies":[{"name":"wp","href":"https:\/\/api.w.org\/{rel}","templated":true}]}}