{"id":537,"date":"2024-01-24T12:06:07","date_gmt":"2024-01-24T11:06:07","guid":{"rendered":"https:\/\/imaker.pinardi.com\/?p=537"},"modified":"2024-01-24T12:06:07","modified_gmt":"2024-01-24T11:06:07","slug":"biblioteca-de-corte-laser","status":"publish","type":"post","link":"https:\/\/imaker.pinardi.com\/?p=537","title":{"rendered":"Biblioteca de Corte L\u00e1ser"},"content":{"rendered":"<p>Carlos Gil<\/p><p><a href=\"https:\/\/imaker.pinardi.com\/wp-content\/uploads\/2024\/01\/Biblioteca-de-Corte-2-1.png\"><img loading=\"lazy\" decoding=\"async\" src=\"https:\/\/imaker.pinardi.com\/wp-content\/uploads\/2024\/01\/Biblioteca-de-Corte-2-1-150x150.png\" width=\"150\" height=\"150\" alt=\"Biblioteca-de-Corte-2-1.png\" style=\"display:inline-block\"><\/a> <a href=\"https:\/\/imaker.pinardi.com\/wp-content\/uploads\/2024\/01\/Biblioteca-de-Corte-0.png\"><img loading=\"lazy\" decoding=\"async\" src=\"https:\/\/imaker.pinardi.com\/wp-content\/uploads\/2024\/01\/Biblioteca-de-Corte-0-150x150.png\" width=\"150\" height=\"150\" alt=\"Biblioteca-de-Corte-0.png\" style=\"display:inline-block\"><\/a> <\/p><p><span style=\"font-weight: 400\">\u00a1Hola amigos y amigas de claustro!<\/span><\/p>\n<p><span style=\"font-weight: 400\">Hoy quiero compartir con vosotros un recurso que estoy seguro que os ayudar\u00e1 en gran medida, ya sea con la inspiraci\u00f3n de dise\u00f1os o con el acceso f\u00e1cil y gratuito a dise\u00f1os totalmente modificables del que sacar partido con vuestros alumnos. La p\u00e1gina de la que estoy hablando se llama <\/span><b>BibliotecaDeCorte.com<\/b><span style=\"font-weight: 400\">.\u00a0<\/span><\/p>\n<p><a href=\"https:\/\/bibliotecadecorte.com\/\"><span style=\"font-weight: 400\">https:\/\/bibliotecadecorte.com\/<\/span><\/a><\/p>\n<p><b>\u00bfC\u00f3mo buscar dise\u00f1os para corte l\u00e1ser?<\/b><\/p>\n<p><span style=\"font-weight: 400\">La p\u00e1gina nos ofrece la posibilidad de explorar dise\u00f1os<\/span><b> por tem\u00e1ticas o realizar b\u00fasquedas espec\u00edficas por palabras clave<\/b><span style=\"font-weight: 400\">. Desde dise\u00f1os de bisuter\u00eda o mobiliario hasta accesorios personales o accesorios para el aula, la diversidad de opciones es impresionante. Esta funcionalidad facilita la adaptaci\u00f3n de los contenidos a los intereses y necesidades espec\u00edficas de nuestras programaciones de aula.<\/span><\/p>\n<p><b>Personalizaci\u00f3n ilimitada:<\/b><\/p>\n<p><span style=\"font-weight: 400\">Los dise\u00f1os que nos descargamos gratuitamente son totalmente modificables, as\u00ed que nuestros alumnos tendr\u00e1n la oportunidad de <\/span><b>explorar, adaptar y crear sus versiones \u00fanicas a partir de estos dise\u00f1os<\/b><span style=\"font-weight: 400\">. La p\u00e1gina \u201cBiblioteca de Corte\u201d no es sino una puerta de entrada a la creatividad, la tecnolog\u00eda y el aprendizaje activo. Nuestros alumnos ser\u00e1n los encargados de aportar su granito de arena, mejorando o modificando lo necesario de estos dise\u00f1os para que sean <\/span><b>\u00fatiles y funcionales<\/b><span style=\"font-weight: 400\"> a sus proyectos de aula.<\/span><\/p>\n<p><span style=\"font-weight: 400\">Espero que esta p\u00e1gina os pueda servir de inspiraci\u00f3n y facilite la labor de vuestros alumnos mientras se ilusionan y motivan con el \u00e1mbito de la fabricaci\u00f3n digital, y m\u00e1s espec\u00edficamente con las posibilidades y facilidades del corte l\u00e1ser. \u00a1Hasta la pr\u00f3xima!\u00a0<\/span><\/p>\n","protected":false},"excerpt":{"rendered":"<p>Carlos Gil \u00a1Hola amigos y amigas de claustro! Hoy quiero compartir con vosotros un recurso que estoy seguro que os ayudar\u00e1 en gran medida, ya sea con la inspiraci\u00f3n de dise\u00f1os o con el acceso f\u00e1cil y gratuito a dise\u00f1os totalmente modificables del que sacar partido con vuestros alumnos. La p\u00e1gina de la que estoy [&hellip;]<\/p>\n","protected":false},"author":3,"featured_media":539,"comment_status":"open","ping_status":"open","sticky":false,"template":"","format":"standard","meta":{"_et_pb_use_builder":"","_et_pb_old_content":"","_et_gb_content_width":"","footnotes":""},"categories":[5,19,21,9,20,23,6,18,11,4,13,7],"tags":[],"class_list":["post-537","post","type-post","status-publish","format-standard","has-post-thumbnail","hentry","category-ace","category-cfgb","category-cortadoralaser","category-diseno","category-electricidad","category-estetica","category-grado-medio","category-gradosuperior","category-ideas","category-informatica","category-medioambiente","category-peluqieria"],"_links":{"self":[{"href":"https:\/\/imaker.pinardi.com\/index.php?rest_route=\/wp\/v2\/posts\/537","targetHints":{"allow":["GET"]}}],"collection":[{"href":"https:\/\/imaker.pinardi.com\/index.php?rest_route=\/wp\/v2\/posts"}],"about":[{"href":"https:\/\/imaker.pinardi.com\/index.php?rest_route=\/wp\/v2\/types\/post"}],"author":[{"embeddable":true,"href":"https:\/\/imaker.pinardi.com\/index.php?rest_route=\/wp\/v2\/users\/3"}],"replies":[{"embeddable":true,"href":"https:\/\/imaker.pinardi.com\/index.php?rest_route=%2Fwp%2Fv2%2Fcomments&post=537"}],"version-history":[{"count":1,"href":"https:\/\/imaker.pinardi.com\/index.php?rest_route=\/wp\/v2\/posts\/537\/revisions"}],"predecessor-version":[{"id":538,"href":"https:\/\/imaker.pinardi.com\/index.php?rest_route=\/wp\/v2\/posts\/537\/revisions\/538"}],"wp:featuredmedia":[{"embeddable":true,"href":"https:\/\/imaker.pinardi.com\/index.php?rest_route=\/wp\/v2\/media\/539"}],"wp:attachment":[{"href":"https:\/\/imaker.pinardi.com\/index.php?rest_route=%2Fwp%2Fv2%2Fmedia&parent=537"}],"wp:term":[{"taxonomy":"category","embeddable":true,"href":"https:\/\/imaker.pinardi.com\/index.php?rest_route=%2Fwp%2Fv2%2Fcategories&post=537"},{"taxonomy":"post_tag","embeddable":true,"href":"https:\/\/imaker.pinardi.com\/index.php?rest_route=%2Fwp%2Fv2%2Ftags&post=537"}],"curies":[{"name":"wp","href":"https:\/\/api.w.org\/{rel}","templated":true}]}}