{"id":1154,"date":"2025-06-05T10:48:26","date_gmt":"2025-06-05T08:48:26","guid":{"rendered":"https:\/\/imaker.pinardi.com\/?p=1154"},"modified":"2025-06-05T10:48:26","modified_gmt":"2025-06-05T08:48:26","slug":"taller-creativo-de-diseno-y-sublimacion-de-tote-bags","status":"publish","type":"post","link":"https:\/\/imaker.pinardi.com\/?p=1154","title":{"rendered":"Taller creativo de dise\u00f1o y sublimaci\u00f3n de Tote Bags"},"content":{"rendered":"<p>Carlos Manuel Pi\u00f1ero<\/p><p><a href=\"https:\/\/imaker.pinardi.com\/wp-content\/uploads\/2025\/06\/a5-4.png\"><img loading=\"lazy\" decoding=\"async\" src=\"https:\/\/imaker.pinardi.com\/wp-content\/uploads\/2025\/06\/a5-4-150x150.png\" width=\"150\" height=\"150\" alt=\"a5-4.png\" style=\"display:inline-block\"><\/a> <a href=\"https:\/\/imaker.pinardi.com\/wp-content\/uploads\/2025\/06\/a4-3.png\"><img loading=\"lazy\" decoding=\"async\" src=\"https:\/\/imaker.pinardi.com\/wp-content\/uploads\/2025\/06\/a4-3-150x150.png\" width=\"150\" height=\"150\" alt=\"a4-3.png\" style=\"display:inline-block\"><\/a> <a href=\"https:\/\/imaker.pinardi.com\/wp-content\/uploads\/2025\/06\/a3-2.png\"><img loading=\"lazy\" decoding=\"async\" src=\"https:\/\/imaker.pinardi.com\/wp-content\/uploads\/2025\/06\/a3-2-150x150.png\" width=\"150\" height=\"150\" alt=\"a3-2.png\" style=\"display:inline-block\"><\/a> <a href=\"https:\/\/imaker.pinardi.com\/wp-content\/uploads\/2025\/06\/a2-1.png\"><img loading=\"lazy\" decoding=\"async\" src=\"https:\/\/imaker.pinardi.com\/wp-content\/uploads\/2025\/06\/a2-1-150x150.png\" width=\"150\" height=\"150\" alt=\"a2-1.png\" style=\"display:inline-block\"><\/a> <a href=\"https:\/\/imaker.pinardi.com\/wp-content\/uploads\/2025\/06\/a1-0.png\"><img loading=\"lazy\" decoding=\"async\" src=\"https:\/\/imaker.pinardi.com\/wp-content\/uploads\/2025\/06\/a1-0-150x150.png\" width=\"150\" height=\"150\" alt=\"a1-0.png\" style=\"display:inline-block\"><\/a> <\/p><p>El alumnado de\u00a0<strong>Pinardi Fuenlabrada<\/strong>\u00a0ha participado en un nuevo taller dentro del proyecto de Fabricaci\u00f3n Digital, en el que han desarrollado todo el proceso de\u00a0<strong>dise\u00f1o y sublimaci\u00f3n de tote bags personalizadas<\/strong>.<\/p>\n<p>Durante el taller, los alumnos y alumnas han trabajado desde el dise\u00f1o inicial de sus ideas hasta la producci\u00f3n final de las bolsas. En primer lugar,\u00a0<strong>crearon sus propios dise\u00f1os gr\u00e1ficos<\/strong>, aplicando nociones de composici\u00f3n, tipograf\u00eda e ilustraci\u00f3n digital. Posteriormente, esos dise\u00f1os fueron\u00a0<strong>cortados con la cortadora de vinilo<\/strong>\u00a0y preparados para su aplicaci\u00f3n.<\/p>\n<p>La fase final consisti\u00f3 en la\u00a0<strong>sublimaci\u00f3n del dise\u00f1o sobre bolsas de tela (tote bags)<\/strong>\u00a0utilizando la\u00a0<strong>plancha t\u00e9rmica<\/strong>, consiguiendo resultados duraderos, creativos y totalmente personalizados.<\/p>\n<p>Este taller ha permitido al alumnado\u00a0<strong>experimentar con t\u00e9cnicas profesionales de personalizaci\u00f3n textil<\/strong>, al mismo tiempo que desarrollaban su creatividad, su autonom\u00eda y su capacidad para llevar a cabo un proceso completo: desde la idea hasta el producto final.<\/p>\n<p>Una experiencia enriquecedora que demuestra, una vez m\u00e1s, c\u00f3mo el dise\u00f1o y la tecnolog\u00eda pueden ir de la mano para crear piezas \u00fanicas, funcionales y con mucho valor personal.<\/p>\n","protected":false},"excerpt":{"rendered":"<p>Carlos Manuel Pi\u00f1ero El alumnado de\u00a0Pinardi Fuenlabrada\u00a0ha participado en un nuevo taller dentro del proyecto de Fabricaci\u00f3n Digital, en el que han desarrollado todo el proceso de\u00a0dise\u00f1o y sublimaci\u00f3n de tote bags personalizadas. Durante el taller, los alumnos y alumnas han trabajado desde el dise\u00f1o inicial de sus ideas hasta la producci\u00f3n final de las [&hellip;]<\/p>\n","protected":false},"author":7,"featured_media":1156,"comment_status":"open","ping_status":"open","sticky":false,"template":"","format":"standard","meta":{"_et_pb_use_builder":"","_et_pb_old_content":"","_et_gb_content_width":"","footnotes":""},"categories":[19,22,9],"tags":[],"class_list":["post-1154","post","type-post","status-publish","format-standard","has-post-thumbnail","hentry","category-cfgb","category-cortadoravinilo","category-diseno"],"_links":{"self":[{"href":"https:\/\/imaker.pinardi.com\/index.php?rest_route=\/wp\/v2\/posts\/1154","targetHints":{"allow":["GET"]}}],"collection":[{"href":"https:\/\/imaker.pinardi.com\/index.php?rest_route=\/wp\/v2\/posts"}],"about":[{"href":"https:\/\/imaker.pinardi.com\/index.php?rest_route=\/wp\/v2\/types\/post"}],"author":[{"embeddable":true,"href":"https:\/\/imaker.pinardi.com\/index.php?rest_route=\/wp\/v2\/users\/7"}],"replies":[{"embeddable":true,"href":"https:\/\/imaker.pinardi.com\/index.php?rest_route=%2Fwp%2Fv2%2Fcomments&post=1154"}],"version-history":[{"count":1,"href":"https:\/\/imaker.pinardi.com\/index.php?rest_route=\/wp\/v2\/posts\/1154\/revisions"}],"predecessor-version":[{"id":1155,"href":"https:\/\/imaker.pinardi.com\/index.php?rest_route=\/wp\/v2\/posts\/1154\/revisions\/1155"}],"wp:featuredmedia":[{"embeddable":true,"href":"https:\/\/imaker.pinardi.com\/index.php?rest_route=\/wp\/v2\/media\/1156"}],"wp:attachment":[{"href":"https:\/\/imaker.pinardi.com\/index.php?rest_route=%2Fwp%2Fv2%2Fmedia&parent=1154"}],"wp:term":[{"taxonomy":"category","embeddable":true,"href":"https:\/\/imaker.pinardi.com\/index.php?rest_route=%2Fwp%2Fv2%2Fcategories&post=1154"},{"taxonomy":"post_tag","embeddable":true,"href":"https:\/\/imaker.pinardi.com\/index.php?rest_route=%2Fwp%2Fv2%2Ftags&post=1154"}],"curies":[{"name":"wp","href":"https:\/\/api.w.org\/{rel}","templated":true}]}}